{"id":9442,"date":"2024-09-29T22:10:32","date_gmt":"2024-09-29T22:10:32","guid":{"rendered":"https:\/\/radiogjilani.com\/index.php\/2024\/09\/29\/ffk-thote-se-po-sulmohet-nga-nje-grup-i-strukturar-kriminal-i-cili-ka-punesuar-baton-haxhiun\/"},"modified":"2024-09-29T22:10:32","modified_gmt":"2024-09-29T22:10:32","slug":"ffk-thote-se-po-sulmohet-nga-nje-grup-i-strukturar-kriminal-i-cili-ka-punesuar-baton-haxhiun","status":"publish","type":"post","link":"https:\/\/radiogjilani.com\/index.php\/2024\/09\/29\/ffk-thote-se-po-sulmohet-nga-nje-grup-i-strukturar-kriminal-i-cili-ka-punesuar-baton-haxhiun\/","title":{"rendered":"FFK thot\u00eb se po sulmohet nga nj\u00eb grup i strukturar kriminal, i cili ka pun\u00ebsuar Baton Haxhiun"},"content":{"rendered":"<p>Federata e Futbollit e Kosov\u00ebs (FFK), n\u00ebp\u00ebrmes nj\u00eb konunikate p\u00ebr nedie, thot\u00eb se \u00ebsht\u00eb \u201csulmuar\u201d jav\u00ebve t\u00eb fundit nga \u201cnj\u00eb grup i strukturuar kriminal\u201d me interesa t\u00eb caktuara, t\u00eb cil\u00ebt sipas k\u00ebsaj federate e sulmojn\u00eb Federat\u00ebn, Komb\u00ebtaren, klubet e futbollit dhe futbollin n\u00eb p\u00ebrgjith\u00ebsi, ve\u00e7an\u00ebrisht kur pretendojn\u00eb se mund t\u00eb ket\u00eb zgjedhje n\u00eb FFK dhe t\u00eb kapin k\u00ebt\u00eb institucion. Reagimi i FFK-s\u00eb&#8230;<\/p>\n<p><a href=\"https:\/\/ekonomiaonline.com\/ffk-thote-se-po-sulmohet-nga-nje-grup-i-strukturar-kriminal-i-cili-ka-punesuar-baton-haxhiun\/\" rel=\"nofollow\">Source<\/a><\/p>\n","protected":false},"excerpt":{"rendered":"<p>Federata e Futbollit e Kosov\u00ebs (FFK), n\u00ebp\u00ebrmes nj\u00eb konunikate p\u00ebr nedie, thot\u00eb se \u00ebsht\u00eb \u201csulmuar\u201d jav\u00ebve t\u00eb fundit nga \u201cnj\u00eb grup i strukturuar kriminal\u201d me interesa t\u00eb caktuara, t\u00eb cil\u00ebt sipas k\u00ebsaj federate e sulmojn\u00eb Federat\u00ebn, Komb\u00ebtaren, klubet e futbollit dhe futbollin n\u00eb p\u00ebrgjith\u00ebsi, ve\u00e7an\u00ebrisht kur pretendojn\u00eb se mund t\u00eb ket\u00eb zgjedhje n\u00eb FFK dhe [&hellip;]<\/p>\n","protected":false},"author":1,"featured_media":9443,"comment_status":"open","ping_status":"open","sticky":false,"template":"","format":"standard","meta":{"footnotes":""},"categories":[19],"tags":[],"class_list":["post-9442","post","type-post","status-publish","format-standard","has-post-thumbnail","hentry","category-eko"],"_links":{"self":[{"href":"https:\/\/radiogjilani.com\/index.php\/wp-json\/wp\/v2\/posts\/9442","targetHints":{"allow":["GET"]}}],"collection":[{"href":"https:\/\/radiogjilani.com\/index.php\/wp-json\/wp\/v2\/posts"}],"about":[{"href":"https:\/\/radiogjilani.com\/index.php\/wp-json\/wp\/v2\/types\/post"}],"author":[{"embeddable":true,"href":"https:\/\/radiogjilani.com\/index.php\/wp-json\/wp\/v2\/users\/1"}],"replies":[{"embeddable":true,"href":"https:\/\/radiogjilani.com\/index.php\/wp-json\/wp\/v2\/comments?post=9442"}],"version-history":[{"count":0,"href":"https:\/\/radiogjilani.com\/index.php\/wp-json\/wp\/v2\/posts\/9442\/revisions"}],"wp:featuredmedia":[{"embeddable":true,"href":"https:\/\/radiogjilani.com\/index.php\/wp-json\/wp\/v2\/media\/9443"}],"wp:attachment":[{"href":"https:\/\/radiogjilani.com\/index.php\/wp-json\/wp\/v2\/media?parent=9442"}],"wp:term":[{"taxonomy":"category","embeddable":true,"href":"https:\/\/radiogjilani.com\/index.php\/wp-json\/wp\/v2\/categories?post=9442"},{"taxonomy":"post_tag","embeddable":true,"href":"https:\/\/radiogjilani.com\/index.php\/wp-json\/wp\/v2\/tags?post=9442"}],"curies":[{"name":"wp","href":"https:\/\/api.w.org\/{rel}","templated":true}]}}