{"id":9490,"date":"2024-09-30T22:20:54","date_gmt":"2024-09-30T22:20:54","guid":{"rendered":"https:\/\/radiogjilani.com\/index.php\/2024\/09\/30\/ahmet-rrahmanaj-kam-shqetesim-per-rrugetimin-tim-dhe-te-tjereve-qe-vijne-te-deshmojne-ketu\/"},"modified":"2024-09-30T22:20:54","modified_gmt":"2024-09-30T22:20:54","slug":"ahmet-rrahmanaj-kam-shqetesim-per-rrugetimin-tim-dhe-te-tjereve-qe-vijne-te-deshmojne-ketu","status":"publish","type":"post","link":"https:\/\/radiogjilani.com\/index.php\/2024\/09\/30\/ahmet-rrahmanaj-kam-shqetesim-per-rrugetimin-tim-dhe-te-tjereve-qe-vijne-te-deshmojne-ketu\/","title":{"rendered":"Ahmet Rrahmanaj: Kam shqet\u00ebsim p\u00ebr rrug\u00ebtimin tim dhe t\u00eb tjer\u00ebve q\u00eb vijn\u00eb t\u00eb d\u00ebshmojn\u00eb k\u00ebtu"},"content":{"rendered":"<p>N\u00eb fund t\u00eb d\u00ebshmis\u00eb s\u00eb tij n\u00eb Hag\u00eb, d\u00ebshmitari Ahmet Rrahmanaj u ankua p\u00ebr trajtimin q\u00eb i \u00ebsht\u00eb b\u00ebr\u00eb sipas tij n\u00eb Hag\u00eb, sakt\u00ebsisht tha se ka shqet\u00ebsim rreth rrug\u00ebtimit t\u00eb tij dhe personave q\u00eb vijn\u00eb t\u00eb d\u00ebshmojn\u00eb aty. \u201cP\u00ebrsh\u00ebndetje p\u00ebr ju, por megjithat\u00eb p\u00ebrsh\u00ebndetje edhe p\u00ebr t\u00eb akuzuarit se vijn\u00eb nga vendi im dhe kan\u00eb l\u00ebn\u00eb pozita udh\u00ebheq\u00ebse atje, por pyetja nuk ka pas t\u00eb b\u00ebj\u00eb me k\u00ebt\u00eb&#8230;<\/p>\n<p><a href=\"https:\/\/ekonomiaonline.com\/ahmet-rrahmanaj-kam-shqetesim-per-rrugetimin-tim-dhe-te-tjereve-qe-vijne-te-deshmojne-ketu\/\" rel=\"nofollow\">Source<\/a><\/p>\n","protected":false},"excerpt":{"rendered":"<p>N\u00eb fund t\u00eb d\u00ebshmis\u00eb s\u00eb tij n\u00eb Hag\u00eb, d\u00ebshmitari Ahmet Rrahmanaj u ankua p\u00ebr trajtimin q\u00eb i \u00ebsht\u00eb b\u00ebr\u00eb sipas tij n\u00eb Hag\u00eb, sakt\u00ebsisht tha se ka shqet\u00ebsim rreth rrug\u00ebtimit t\u00eb tij dhe personave q\u00eb vijn\u00eb t\u00eb d\u00ebshmojn\u00eb aty. \u201cP\u00ebrsh\u00ebndetje p\u00ebr ju, por megjithat\u00eb p\u00ebrsh\u00ebndetje edhe p\u00ebr t\u00eb akuzuarit se vijn\u00eb nga vendi im dhe [&hellip;]<\/p>\n","protected":false},"author":1,"featured_media":9491,"comment_status":"open","ping_status":"open","sticky":false,"template":"","format":"standard","meta":{"footnotes":""},"categories":[19],"tags":[],"class_list":["post-9490","post","type-post","status-publish","format-standard","has-post-thumbnail","hentry","category-eko"],"_links":{"self":[{"href":"https:\/\/radiogjilani.com\/index.php\/wp-json\/wp\/v2\/posts\/9490","targetHints":{"allow":["GET"]}}],"collection":[{"href":"https:\/\/radiogjilani.com\/index.php\/wp-json\/wp\/v2\/posts"}],"about":[{"href":"https:\/\/radiogjilani.com\/index.php\/wp-json\/wp\/v2\/types\/post"}],"author":[{"embeddable":true,"href":"https:\/\/radiogjilani.com\/index.php\/wp-json\/wp\/v2\/users\/1"}],"replies":[{"embeddable":true,"href":"https:\/\/radiogjilani.com\/index.php\/wp-json\/wp\/v2\/comments?post=9490"}],"version-history":[{"count":0,"href":"https:\/\/radiogjilani.com\/index.php\/wp-json\/wp\/v2\/posts\/9490\/revisions"}],"wp:featuredmedia":[{"embeddable":true,"href":"https:\/\/radiogjilani.com\/index.php\/wp-json\/wp\/v2\/media\/9491"}],"wp:attachment":[{"href":"https:\/\/radiogjilani.com\/index.php\/wp-json\/wp\/v2\/media?parent=9490"}],"wp:term":[{"taxonomy":"category","embeddable":true,"href":"https:\/\/radiogjilani.com\/index.php\/wp-json\/wp\/v2\/categories?post=9490"},{"taxonomy":"post_tag","embeddable":true,"href":"https:\/\/radiogjilani.com\/index.php\/wp-json\/wp\/v2\/tags?post=9490"}],"curies":[{"name":"wp","href":"https:\/\/api.w.org\/{rel}","templated":true}]}}