{"id":9556,"date":"2024-10-02T23:24:17","date_gmt":"2024-10-02T23:24:17","guid":{"rendered":"https:\/\/radiogjilani.com\/index.php\/2024\/10\/02\/agk-e-shqetesuar-me-sjelljen-e-nje-zyrtari-policor-ndaj-gazetarit-irfan-maliqi-video\/"},"modified":"2024-10-02T23:24:17","modified_gmt":"2024-10-02T23:24:17","slug":"agk-e-shqetesuar-me-sjelljen-e-nje-zyrtari-policor-ndaj-gazetarit-irfan-maliqi-video","status":"publish","type":"post","link":"https:\/\/radiogjilani.com\/index.php\/2024\/10\/02\/agk-e-shqetesuar-me-sjelljen-e-nje-zyrtari-policor-ndaj-gazetarit-irfan-maliqi-video\/","title":{"rendered":"AGK e shqet\u00ebsuar me sjelljen e nj\u00eb zyrtari policor ndaj gazetarit Irfan Maliqi (VIDEO)"},"content":{"rendered":"<p>Gjat\u00eb dit\u00ebs s\u00eb djeshme, gazetari i PlusTV, Irfan Maliqi, raportohet t\u00eb jet\u00eb penguar gjat\u00eb kryerjes s\u00eb pun\u00ebs s\u00eb tij prej gazetari nga zyrtari policor M.S. teksa po e mbulonte marshin e nd\u00ebrgjegj\u00ebsimit p\u00ebr kancerin e gjirit n\u00eb qytetin e Vitis\u00eb. P\u00ebr k\u00ebt\u00eb rast ka reaguar edhe Asociacioni i Gazetar\u00ebve t\u00eb Kosov\u00ebs (AGK), i cili shpreh shqet\u00ebsim t\u00eb thell\u00eb p\u00ebr k\u00ebt\u00eb incident. AGK, duke u bazuar n\u00eb&#8230;<\/p>\n<p><a href=\"https:\/\/ekonomiaonline.com\/agk-e-shqetesuar-me-sjelljen-e-nje-zyrtari-policor-ndaj-gazetarit-irfan-maliqi-video\/\" rel=\"nofollow\">Source<\/a><\/p>\n","protected":false},"excerpt":{"rendered":"<p>Gjat\u00eb dit\u00ebs s\u00eb djeshme, gazetari i PlusTV, Irfan Maliqi, raportohet t\u00eb jet\u00eb penguar gjat\u00eb kryerjes s\u00eb pun\u00ebs s\u00eb tij prej gazetari nga zyrtari policor M.S. teksa po e mbulonte marshin e nd\u00ebrgjegj\u00ebsimit p\u00ebr kancerin e gjirit n\u00eb qytetin e Vitis\u00eb. P\u00ebr k\u00ebt\u00eb rast ka reaguar edhe Asociacioni i Gazetar\u00ebve t\u00eb Kosov\u00ebs (AGK), i cili shpreh [&hellip;]<\/p>\n","protected":false},"author":1,"featured_media":9557,"comment_status":"open","ping_status":"open","sticky":false,"template":"","format":"standard","meta":{"footnotes":""},"categories":[19],"tags":[],"class_list":["post-9556","post","type-post","status-publish","format-standard","has-post-thumbnail","hentry","category-eko"],"_links":{"self":[{"href":"https:\/\/radiogjilani.com\/index.php\/wp-json\/wp\/v2\/posts\/9556","targetHints":{"allow":["GET"]}}],"collection":[{"href":"https:\/\/radiogjilani.com\/index.php\/wp-json\/wp\/v2\/posts"}],"about":[{"href":"https:\/\/radiogjilani.com\/index.php\/wp-json\/wp\/v2\/types\/post"}],"author":[{"embeddable":true,"href":"https:\/\/radiogjilani.com\/index.php\/wp-json\/wp\/v2\/users\/1"}],"replies":[{"embeddable":true,"href":"https:\/\/radiogjilani.com\/index.php\/wp-json\/wp\/v2\/comments?post=9556"}],"version-history":[{"count":0,"href":"https:\/\/radiogjilani.com\/index.php\/wp-json\/wp\/v2\/posts\/9556\/revisions"}],"wp:featuredmedia":[{"embeddable":true,"href":"https:\/\/radiogjilani.com\/index.php\/wp-json\/wp\/v2\/media\/9557"}],"wp:attachment":[{"href":"https:\/\/radiogjilani.com\/index.php\/wp-json\/wp\/v2\/media?parent=9556"}],"wp:term":[{"taxonomy":"category","embeddable":true,"href":"https:\/\/radiogjilani.com\/index.php\/wp-json\/wp\/v2\/categories?post=9556"},{"taxonomy":"post_tag","embeddable":true,"href":"https:\/\/radiogjilani.com\/index.php\/wp-json\/wp\/v2\/tags?post=9556"}],"curies":[{"name":"wp","href":"https:\/\/api.w.org\/{rel}","templated":true}]}}