{"id":9576,"date":"2024-10-03T23:40:04","date_gmt":"2024-10-03T23:40:04","guid":{"rendered":"https:\/\/radiogjilani.com\/index.php\/2024\/10\/03\/kurti-qe-3-dite-ne-poloni-takon-opinionberes-e-personalitete\/"},"modified":"2024-10-03T23:40:04","modified_gmt":"2024-10-03T23:40:04","slug":"kurti-qe-3-dite-ne-poloni-takon-opinionberes-e-personalitete","status":"publish","type":"post","link":"https:\/\/radiogjilani.com\/index.php\/2024\/10\/03\/kurti-qe-3-dite-ne-poloni-takon-opinionberes-e-personalitete\/","title":{"rendered":"Kurti qe 3 dit\u00eb n\u00eb Poloni, takon \u201copinionb\u00ebr\u00ebs\u201d e \u201cpersonalitete\u201d"},"content":{"rendered":"<p>N\u00eb dit\u00ebn e tret\u00eb t\u00eb q\u00ebndrimit n\u00eb Poloni, kryeministri i Kosov\u00ebs, Albin Kurti, u takua me opinionb\u00ebr\u00ebs, personalitete t\u00eb jet\u00ebs publike dhe zyrtar\u00eb polak\u00eb: nga politika, media dhe rrethet e studiuesve. \u201cE pranishme e ve\u00e7ant\u00eb ishte edhe Z\u00ebvend\u00ebsministrja e Pun\u00ebve t\u00eb Jashtme t\u00eb Polonis\u00eb, zj. Henryka Mo\u015bcicki-Dendys, q\u00eb p\u00ebrcjell\u00eb m\u00eb s\u00eb af\u00ebrmi Kosov\u00ebn\u201d, shkruan n\u00eb njoftimin e ZKM-s\u00eb.<\/p>\n<p><a href=\"https:\/\/ekonomiaonline.com\/kurti-qe-3-dite-ne-poloni-takon-opinionberes-polake\/\" rel=\"nofollow\">Source<\/a><\/p>\n","protected":false},"excerpt":{"rendered":"<p>N\u00eb dit\u00ebn e tret\u00eb t\u00eb q\u00ebndrimit n\u00eb Poloni, kryeministri i Kosov\u00ebs, Albin Kurti, u takua me opinionb\u00ebr\u00ebs, personalitete t\u00eb jet\u00ebs publike dhe zyrtar\u00eb polak\u00eb: nga politika, media dhe rrethet e studiuesve. \u201cE pranishme e ve\u00e7ant\u00eb ishte edhe Z\u00ebvend\u00ebsministrja e Pun\u00ebve t\u00eb Jashtme t\u00eb Polonis\u00eb, zj. Henryka Mo\u015bcicki-Dendys, q\u00eb p\u00ebrcjell\u00eb m\u00eb s\u00eb af\u00ebrmi Kosov\u00ebn\u201d, shkruan n\u00eb [&hellip;]<\/p>\n","protected":false},"author":1,"featured_media":9577,"comment_status":"open","ping_status":"open","sticky":false,"template":"","format":"standard","meta":{"footnotes":""},"categories":[19],"tags":[],"class_list":["post-9576","post","type-post","status-publish","format-standard","has-post-thumbnail","hentry","category-eko"],"_links":{"self":[{"href":"https:\/\/radiogjilani.com\/index.php\/wp-json\/wp\/v2\/posts\/9576","targetHints":{"allow":["GET"]}}],"collection":[{"href":"https:\/\/radiogjilani.com\/index.php\/wp-json\/wp\/v2\/posts"}],"about":[{"href":"https:\/\/radiogjilani.com\/index.php\/wp-json\/wp\/v2\/types\/post"}],"author":[{"embeddable":true,"href":"https:\/\/radiogjilani.com\/index.php\/wp-json\/wp\/v2\/users\/1"}],"replies":[{"embeddable":true,"href":"https:\/\/radiogjilani.com\/index.php\/wp-json\/wp\/v2\/comments?post=9576"}],"version-history":[{"count":0,"href":"https:\/\/radiogjilani.com\/index.php\/wp-json\/wp\/v2\/posts\/9576\/revisions"}],"wp:featuredmedia":[{"embeddable":true,"href":"https:\/\/radiogjilani.com\/index.php\/wp-json\/wp\/v2\/media\/9577"}],"wp:attachment":[{"href":"https:\/\/radiogjilani.com\/index.php\/wp-json\/wp\/v2\/media?parent=9576"}],"wp:term":[{"taxonomy":"category","embeddable":true,"href":"https:\/\/radiogjilani.com\/index.php\/wp-json\/wp\/v2\/categories?post=9576"},{"taxonomy":"post_tag","embeddable":true,"href":"https:\/\/radiogjilani.com\/index.php\/wp-json\/wp\/v2\/tags?post=9576"}],"curies":[{"name":"wp","href":"https:\/\/api.w.org\/{rel}","templated":true}]}}