{"id":9650,"date":"2024-10-07T02:23:04","date_gmt":"2024-10-07T02:23:04","guid":{"rendered":"https:\/\/radiogjilani.com\/index.php\/2024\/10\/07\/neser-1-vit-nga-sulmet-e-hamasit-von-der-leyen-kerkon-armepushim-ne-gaza\/"},"modified":"2024-10-07T02:23:04","modified_gmt":"2024-10-07T02:23:04","slug":"neser-1-vit-nga-sulmet-e-hamasit-von-der-leyen-kerkon-armepushim-ne-gaza","status":"publish","type":"post","link":"https:\/\/radiogjilani.com\/index.php\/2024\/10\/07\/neser-1-vit-nga-sulmet-e-hamasit-von-der-leyen-kerkon-armepushim-ne-gaza\/","title":{"rendered":"Nes\u00ebr 1 vit nga sulmet e Hamasit, Von der Leyen k\u00ebrkon arm\u00ebpushim n\u00eb Gaza"},"content":{"rendered":"<p>Presidentja e Komisionit Evropian, Ursula von der Leyen, ka dal\u00eb me nj\u00eb q\u00ebndrim p\u00ebr nj\u00eb vjetorin e 7 tetorit kur nis\u00ebn sulmet e Hamasit ndaj Izraelit. N\u00eb reagimin e saj, Von der Leyen tha se nuk mund t\u00eb ket\u00eb asnj\u00eb justifikim p\u00ebr aktet terroriste t\u00eb Hamasit, dhe se i d\u00ebnon edhe nj\u00eb her\u00eb, dhe \u201cn\u00eb termat m\u00eb t\u00eb ashp\u00ebr t\u00eb mundsh\u00ebm, ato sulme barbare\u201d. \u201cAta soll\u00ebn vuajtje t\u00eb pamas\u00eb jo vet\u00ebm mbi popullin&#8230;<\/p>\n<p><a href=\"https:\/\/ekonomiaonline.com\/neser-1-vit-nga-sulmet-e-hamasit-von-der-leyen-kerkon-armepushim-ne-gaza\/\" rel=\"nofollow\">Source<\/a><\/p>\n","protected":false},"excerpt":{"rendered":"<p>Presidentja e Komisionit Evropian, Ursula von der Leyen, ka dal\u00eb me nj\u00eb q\u00ebndrim p\u00ebr nj\u00eb vjetorin e 7 tetorit kur nis\u00ebn sulmet e Hamasit ndaj Izraelit. N\u00eb reagimin e saj, Von der Leyen tha se nuk mund t\u00eb ket\u00eb asnj\u00eb justifikim p\u00ebr aktet terroriste t\u00eb Hamasit, dhe se i d\u00ebnon edhe nj\u00eb her\u00eb, dhe \u201cn\u00eb [&hellip;]<\/p>\n","protected":false},"author":5,"featured_media":9651,"comment_status":"open","ping_status":"open","sticky":false,"template":"","format":"standard","meta":{"footnotes":""},"categories":[19],"tags":[],"class_list":["post-9650","post","type-post","status-publish","format-standard","has-post-thumbnail","hentry","category-eko"],"_links":{"self":[{"href":"https:\/\/radiogjilani.com\/index.php\/wp-json\/wp\/v2\/posts\/9650","targetHints":{"allow":["GET"]}}],"collection":[{"href":"https:\/\/radiogjilani.com\/index.php\/wp-json\/wp\/v2\/posts"}],"about":[{"href":"https:\/\/radiogjilani.com\/index.php\/wp-json\/wp\/v2\/types\/post"}],"author":[{"embeddable":true,"href":"https:\/\/radiogjilani.com\/index.php\/wp-json\/wp\/v2\/users\/5"}],"replies":[{"embeddable":true,"href":"https:\/\/radiogjilani.com\/index.php\/wp-json\/wp\/v2\/comments?post=9650"}],"version-history":[{"count":0,"href":"https:\/\/radiogjilani.com\/index.php\/wp-json\/wp\/v2\/posts\/9650\/revisions"}],"wp:featuredmedia":[{"embeddable":true,"href":"https:\/\/radiogjilani.com\/index.php\/wp-json\/wp\/v2\/media\/9651"}],"wp:attachment":[{"href":"https:\/\/radiogjilani.com\/index.php\/wp-json\/wp\/v2\/media?parent=9650"}],"wp:term":[{"taxonomy":"category","embeddable":true,"href":"https:\/\/radiogjilani.com\/index.php\/wp-json\/wp\/v2\/categories?post=9650"},{"taxonomy":"post_tag","embeddable":true,"href":"https:\/\/radiogjilani.com\/index.php\/wp-json\/wp\/v2\/tags?post=9650"}],"curies":[{"name":"wp","href":"https:\/\/api.w.org\/{rel}","templated":true}]}}